{"id":8044,"date":"2025-12-03T14:11:09","date_gmt":"2025-12-03T14:11:09","guid":{"rendered":"https:\/\/plattform-dresden.de\/?p=8044"},"modified":"2025-12-03T14:20:12","modified_gmt":"2025-12-03T14:20:12","slug":"marta-gornicka-mothers-a-song-for-wartime-rozshyrena-prohrama","status":"publish","type":"post","link":"https:\/\/plattform-dresden.de\/ua\/marta-gornicka-mothers-a-song-for-wartime-rozshyrena-prohrama\/","title":{"rendered":"\ud83c\udfad Marta G\u00f3rnicka \u2013 Mothers: A Song for Wartime.  \u0420\u043e\u0437\u0448\u0438\u0440\u0435\u043d\u0430 \u043f\u0440\u043e\u0433\u0440\u0430\u043c\u0430"},"content":{"rendered":"<p><img loading=\"lazy\" decoding=\"async\" class=\"alignnone size-medium wp-image-8045\" src=\"https:\/\/plattform-dresden.de\/wp-content\/uploads\/2025\/12\/he_back_to_the_90s_mothers-213x300.jpg\" alt=\"\" width=\"213\" height=\"300\" srcset=\"https:\/\/plattform-dresden.de\/wp-content\/uploads\/2025\/12\/he_back_to_the_90s_mothers-213x300.jpg 213w, https:\/\/plattform-dresden.de\/wp-content\/uploads\/2025\/12\/he_back_to_the_90s_mothers-725x1024.jpg 725w, https:\/\/plattform-dresden.de\/wp-content\/uploads\/2025\/12\/he_back_to_the_90s_mothers-768x1084.jpg 768w, https:\/\/plattform-dresden.de\/wp-content\/uploads\/2025\/12\/he_back_to_the_90s_mothers-1088x1536.jpg 1088w, https:\/\/plattform-dresden.de\/wp-content\/uploads\/2025\/12\/he_back_to_the_90s_mothers-1451x2048.jpg 1451w, https:\/\/plattform-dresden.de\/wp-content\/uploads\/2025\/12\/he_back_to_the_90s_mothers-35x50.jpg 35w, https:\/\/plattform-dresden.de\/wp-content\/uploads\/2025\/12\/he_back_to_the_90s_mothers.jpg 1700w\" sizes=\"auto, (max-width: 213px) 100vw, 213px\" \/><\/p>\n<p>\u27286 \u0433\u0440\u0443\u0434\u043d\u044f \u2014 \ud83c\udfad Marta G\u00f3rnicka \u2013 Mothers: A Song for Wartime.<\/p>\n<p>\u0420\u043e\u0437\u0448\u0438\u0440\u0435\u043d\u0430 \u043f\u0440\u043e\u0433\u0440\u0430\u043c\u0430<span class=\"Apple-converted-space\">\u00a0<\/span><\/p>\n<p>\ud83c\udfad 11:00 \u2014 \u0422\u0435\u0430\u0442\u0440\u0430\u043b\u044c\u043d\u0438\u0439 \u0432\u043e\u0440\u043a\u0448\u043e\u043f \u0437 Valeriia Obodianska<\/p>\n<p>\u0420\u0443\u0445, \u0434\u043e\u0432\u0456\u0440\u0430 \u0439 \u0442\u0456\u043b\u0435\u0441\u043d\u0430 \u0432\u0437\u0430\u0454\u043c\u043e\u0434\u0456\u044f. \u0410\u043d\u0433\u043b\u0456\u0439\u0441\u044c\u043a\u0430\/\u0443\u043a\u0440\u0430\u0457\u043d\u0441\u044c\u043a\u0430.<\/p>\n<p>\u2139\ufe0f <a href=\"https:\/\/www.hellerau.org\/2025-26\/hellermoves-mit-valeriia-obodianska\">https:\/\/www.hellerau.org\/2025-26\/hellermoves-mit-valeriia-obodianska<\/a><\/p>\n<p>\ud83c\udfa4 19:00 \u2014 Gemeinsames Singen (\u0421\u043f\u0456\u043b\u044c\u043d\u0435 \u0441\u043f\u0456\u0432\u0430\u043d\u043d\u044f)<\/p>\n<p>\u0412\u0456\u0434\u043a\u0440\u0438\u0442\u0435 \u043a\u043e\u043b\u0435\u043a\u0442\u0438\u0432\u043d\u0435 \u0441\u043f\u0456\u0432\u0430\u043d\u043d\u044f \u043f\u0435\u0440\u0435\u0434 \u0432\u0438\u0441\u0442\u0430\u0432\u043e\u044e \u043f\u0456\u0434 \u043a\u0435\u0440\u0456\u0432\u043d\u0438\u0446\u0442\u0432\u043e\u043c Rosa Klee. 30 \u0445\u0432\u0438\u043b\u0438\u043d \u0454\u0434\u043d\u043e\u0441\u0442\u0456, \u0433\u043e\u043b\u043e\u0441\u0443 \u0442\u0430 \u0441\u043f\u0456\u043b\u044c\u043d\u043e\u0433\u043e \u0440\u0438\u0442\u043c\u0443.<\/p>\n<p>\u2139\ufe0f <a href=\"https:\/\/www.hellerau.org\/2025-26\/gemeinsames-singen\">https:\/\/www.hellerau.org\/2025-26\/gemeinsames-singen<\/a><\/p>\n<p>\ud83c\udfad 20:00 \u2014 Mothers: A Song for Wartime<\/p>\n<p>\u041f\u043e\u0432\u0442\u043e\u0440\u043d\u0438\u0439 \u043f\u043e\u043a\u0430\u0437.<\/p>\n<p>\ud83d\udccd Gro\u00dfer Saal, HELLERAU<\/p>\n<p>\ud83c\udf10 \u041c\u043e\u0432\u0438: \u043f\u043e\u043b\u044c\u0441\u044c\u043a\u0430 \/ \u0443\u043a\u0440\u0430\u0457\u043d\u0441\u044c\u043a\u0430 \/ \u0431\u0456\u043b\u043e\u0440\u0443\u0441\u044c\u043a\u0430<\/p>\n<p>\ud83d\udcc4 \u041d\u0456\u043c\u0435\u0446\u044c\u043a\u0456 \u0442\u0430 \u0430\u043d\u0433\u043b\u0456\u0439\u0441\u044c\u043a\u0456 \u0441\u0443\u0431\u0442\u0438\u0442\u0440\u0438<\/p>\n<p>\ud83c\udf9f \u041a\u0432\u0438\u0442\u043a\u0438: <a href=\"https:\/\/hellerau.reservix.de\/tickets-mothers-a-song-for-wartime-in-dresden-festspielhaus-hellerau-am-5-12-2025\/e2459708\">https:\/\/hellerau.reservix.de\/tickets-mothers-a-song-for-wartime-in-dresden-festspielhaus-hellerau-am-5-12-2025\/e2459708<\/a><\/p>\n<p>21 \u0436\u0456\u043d\u043a\u0430 \u0442\u0430 \u0434\u0456\u0432\u0447\u0438\u043d\u043a\u0430 \u0432\u0456\u043a\u043e\u043c \u0432\u0456\u0434 9 \u0434\u043e 72 \u0440\u043e\u043a\u0456\u0432 \u0437 \u0423\u043a\u0440\u0430\u0457\u043d\u0438, \u0411\u0456\u043b\u043e\u0440\u0443\u0441\u0456 \u0442\u0430 \u041f\u043e\u043b\u044c\u0449\u0456 \u0441\u0442\u0432\u043e\u0440\u044e\u044e\u0442\u044c \u043f\u043e\u0442\u0443\u0436\u043d\u0438\u0439 \u0445\u043e\u0440 \u2014 \u0433\u043e\u043b\u043e\u0441 \u0441\u043f\u0440\u043e\u0442\u0438\u0432\u0443 \u0432\u0456\u0439\u043d\u0456 \u0442\u0430 \u043d\u0435\u043b\u044e\u0434\u0441\u044c\u043a\u043e\u0441\u0442\u0456. \u0423 \u0432\u0438\u0441\u0442\u0430\u0432\u0456 \u0437\u0432\u0443\u0447\u0430\u0442\u044c \u0443\u043a\u0440\u0430\u0457\u043d\u0441\u044c\u043a\u0456 \u0449\u0435\u0434\u0440\u0456\u0432\u043a\u0438, \u0434\u0438\u0442\u044f\u0447\u0456 \u0440\u0438\u043c\u0456\u0432\u043a\u0438, \u0437\u0430\u043a\u043b\u0438\u043d\u0430\u043d\u043d\u044f \u0442\u0430 \u043f\u043e\u043b\u0456\u0442\u0438\u0447\u043d\u0456 \u0440\u0435\u043f\u043b\u0456\u043a\u0438. \u041c\u0430\u0440\u0442\u0430 \u0490\u043e\u0440\u043d\u0456\u0446\u044c\u043a\u0430 \u0434\u0438\u0440\u0438\u0433\u0443\u0454 \u043f\u0440\u043e\u0441\u0442\u043e \u0441\u0435\u0440\u0435\u0434 \u0433\u043b\u044f\u0434\u0430\u0447\u0456\u0432, \u0441\u0442\u0432\u043e\u0440\u044e\u044e\u0447\u0438 \u0433\u043b\u0438\u0431\u043e\u043a\u0438\u0439 \u0435\u043c\u043e\u0446\u0456\u0439\u043d\u0438\u0439 \u0437\u0432\u2019\u044f\u0437\u043e\u043a. \u0426\u0435 \u043d\u0435 \u0456\u0441\u0442\u043e\u0440\u0456\u044f \u043f\u0440\u043e \u0436\u0435\u0440\u0442\u0432 \u2014 \u0446\u0435 \u0433\u043e\u043b\u043e\u0441\u0438 \u0442\u0438\u0445, \u0445\u0442\u043e \u0432\u0438\u0441\u0442\u043e\u044f\u0432.<\/p>\n<p>(\u042f\u043a\u0449\u043e \u0432\u0438 \u043e\u0442\u0440\u0438\u043c\u0443\u0454\u0442\u0435 B\u00fcrgergeld \u0456 \u0434\u043b\u044f \u0432\u0430\u0441 \u0432\u0430\u0440\u0442\u0456\u0441\u0442\u044c \u043a\u0432\u0438\u0442\u043a\u0430 \u0454 \u043f\u0435\u0440\u0435\u0448\u043a\u043e\u0434\u043e\u044e, \u043d\u0430\u043f\u0438\u0448\u0456\u0442\u044c \u043d\u0430\u043c. \u041c\u0438 \u043f\u0440\u0430\u0433\u043d\u0435\u043c\u043e \u0437\u0440\u043e\u0431\u0438\u0442\u0438 \u043f\u043e\u0434\u0456\u044e \u0434\u043e\u0441\u0442\u0443\u043f\u043d\u043e\u044e \u0434\u043b\u044f \u0432\u0441\u0456\u0445 \u0456 \u0440\u043e\u0437\u0433\u043b\u044f\u043d\u0435\u043c\u043e \u043c\u043e\u0436\u043b\u0438\u0432\u0456\u0441\u0442\u044c \u0456\u043d\u0434\u0438\u0432\u0456\u0434\u0443\u0430\u043b\u044c\u043d\u043e\u0457 \u043f\u0456\u0434\u0442\u0440\u0438\u043c\u043a\u0438)<\/p>\n<p>\ud83d\udcac 21:15 \u2014 \u041f\u0443\u0431\u043b\u0456\u0447\u043d\u0435 \u043e\u0431\u0433\u043e\u0432\u043e\u0440\u0435\u043d\u043d\u044f<\/p>\n<p>\u0417 M\u00e1rta G\u00f3rnicka, Andr\u00e9 Schallenberg \u0442\u0430 \u041d\u0430\u0442\u0430\u043b\u0456\u0454\u044e \u0411\u043e\u043a (Plattform e.V.).<\/p>\n","protected":false},"excerpt":{"rendered":"<p>\u27286 \u0433\u0440\u0443\u0434\u043d\u044f \u2014 \ud83c\udfad Marta G\u00f3rnicka \u2013 Mothers: A Song for Wartime. \u0420\u043e\u0437\u0448\u0438\u0440\u0435\u043d\u0430 \u043f\u0440\u043e\u0433\u0440\u0430\u043c\u0430\u00a0 \ud83c\udfad 11:00 \u2014 \u0422\u0435\u0430\u0442\u0440\u0430\u043b\u044c\u043d\u0438\u0439 \u0432\u043e\u0440\u043a\u0448\u043e\u043f \u0437 Valeriia Obodianska \u0420\u0443\u0445, \u0434\u043e\u0432\u0456\u0440\u0430 \u0439 \u0442\u0456\u043b\u0435\u0441\u043d\u0430 \u0432\u0437\u0430\u0454\u043c\u043e\u0434\u0456\u044f. \u0410\u043d\u0433\u043b\u0456\u0439\u0441\u044c\u043a\u0430\/\u0443\u043a\u0440\u0430\u0457\u043d\u0441\u044c\u043a\u0430. \u2139\ufe0f https:\/\/www.hellerau.org\/2025-26\/hellermoves-mit-valeriia-obodianska \ud83c\udfa4 19:00 \u2014 Gemeinsames Singen (\u0421\u043f\u0456\u043b\u044c\u043d\u0435 \u0441\u043f\u0456\u0432\u0430\u043d\u043d\u044f) \u0412\u0456\u0434\u043a\u0440\u0438\u0442\u0435 \u043a\u043e\u043b\u0435\u043a\u0442\u0438\u0432\u043d\u0435 \u0441\u043f\u0456\u0432\u0430\u043d\u043d\u044f \u043f\u0435\u0440\u0435\u0434 \u0432\u0438\u0441\u0442\u0430\u0432\u043e\u044e \u043f\u0456\u0434 \u043a\u0435\u0440\u0456\u0432\u043d\u0438\u0446\u0442\u0432\u043e\u043c Rosa Klee. 30 \u0445\u0432\u0438\u043b\u0438\u043d \u0454\u0434\u043d\u043e\u0441\u0442\u0456, \u0433\u043e\u043b\u043e\u0441\u0443 \u0442\u0430 \u0441\u043f\u0456\u043b\u044c\u043d\u043e\u0433\u043e \u0440\u0438\u0442\u043c\u0443. \u2139\ufe0f https:\/\/www.hellerau.org\/2025-26\/gemeinsames-singen &hellip; <a href=\"https:\/\/plattform-dresden.de\/ua\/marta-gornicka-mothers-a-song-for-wartime-rozshyrena-prohrama\/\">Continued<\/a><\/p>\n","protected":false},"author":12,"featured_media":0,"comment_status":"closed","ping_status":"closed","sticky":false,"template":"","format":"standard","meta":{"_price":"","_stock":"","_tribe_ticket_header":"","_tribe_default_ticket_provider":"","_tribe_ticket_capacity":"","_ticket_start_date":"","_ticket_end_date":"","_tribe_ticket_show_description":"","_tribe_ticket_show_not_going":false,"_tribe_ticket_use_global_stock":"","_tribe_ticket_global_stock_level":"","_global_stock_mode":"","_global_stock_cap":"","_tribe_rsvp_for_event":"","_tribe_ticket_going_count":"","_tribe_ticket_not_going_count":"","_tribe_tickets_list":"[]","_tribe_ticket_has_attendee_info_fields":false,"footnotes":""},"categories":[24],"tags":[],"class_list":["post-8044","post","type-post","status-publish","format-standard","hentry","category-event"],"aioseo_notices":[],"_links":{"self":[{"href":"https:\/\/plattform-dresden.de\/ua\/wp-json\/wp\/v2\/posts\/8044","targetHints":{"allow":["GET"]}}],"collection":[{"href":"https:\/\/plattform-dresden.de\/ua\/wp-json\/wp\/v2\/posts"}],"about":[{"href":"https:\/\/plattform-dresden.de\/ua\/wp-json\/wp\/v2\/types\/post"}],"author":[{"embeddable":true,"href":"https:\/\/plattform-dresden.de\/ua\/wp-json\/wp\/v2\/users\/12"}],"replies":[{"embeddable":true,"href":"https:\/\/plattform-dresden.de\/ua\/wp-json\/wp\/v2\/comments?post=8044"}],"version-history":[{"count":3,"href":"https:\/\/plattform-dresden.de\/ua\/wp-json\/wp\/v2\/posts\/8044\/revisions"}],"predecessor-version":[{"id":8048,"href":"https:\/\/plattform-dresden.de\/ua\/wp-json\/wp\/v2\/posts\/8044\/revisions\/8048"}],"wp:attachment":[{"href":"https:\/\/plattform-dresden.de\/ua\/wp-json\/wp\/v2\/media?parent=8044"}],"wp:term":[{"taxonomy":"category","embeddable":true,"href":"https:\/\/plattform-dresden.de\/ua\/wp-json\/wp\/v2\/categories?post=8044"},{"taxonomy":"post_tag","embeddable":true,"href":"https:\/\/plattform-dresden.de\/ua\/wp-json\/wp\/v2\/tags?post=8044"}],"curies":[{"name":"wp","href":"https:\/\/api.w.org\/{rel}","templated":true}]}}