{"id":6791,"date":"2024-11-04T20:01:51","date_gmt":"2024-11-04T20:01:51","guid":{"rendered":"https:\/\/plattform-dresden.de\/?p=6791"},"modified":"2024-12-11T19:39:09","modified_gmt":"2024-12-11T19:39:09","slug":"kochkurs-storyteller-lateinamerikanische-kuche","status":"publish","type":"post","link":"https:\/\/plattform-dresden.de\/ua\/kochkurs-storyteller-lateinamerikanische-kuche\/","title":{"rendered":"Kochkurs StoryTeller: Kolumbianische K\u00fcche"},"content":{"rendered":"<p style=\"font-weight: 400;\"><em>Kochkurs StoryTeller: Kolumbianische K\u00fcche<\/em><\/p>\n<p style=\"font-weight: 400;\">06.02. (17:30) &#8211; VHS &#8211; Lehrk\u00fcche B4.01, Annenstra\u00dfe 10, 01067 Dresden<\/p>\n<p style=\"font-weight: 400;\"><a href=\"https:\/\/widgets.yolawo.de\/w\/0\/bookables\/6728eee7f5076a4caea819cc\">https:\/\/widgets.yolawo.de\/w\/0\/bookables\/6728eee7f5076a4caea819cc<\/a><\/p>\n","protected":false},"excerpt":{"rendered":"<p>Kochkurs StoryTeller: Kolumbianische K\u00fcche 06.02. (17:30) &#8211; VHS &#8211; Lehrk\u00fcche B4.01, Annenstra\u00dfe 10, 01067 Dresden https:\/\/widgets.yolawo.de\/w\/0\/bookables\/6728eee7f5076a4caea819cc<\/p>\n","protected":false},"author":3,"featured_media":0,"comment_status":"open","ping_status":"open","sticky":false,"template":"","format":"standard","meta":{"_price":"","_stock":"","_tribe_ticket_header":"","_tribe_default_ticket_provider":"","_tribe_ticket_capacity":"","_ticket_start_date":"","_ticket_end_date":"","_tribe_ticket_show_description":"","_tribe_ticket_show_not_going":false,"_tribe_ticket_use_global_stock":"","_tribe_ticket_global_stock_level":"","_global_stock_mode":"","_global_stock_cap":"","_tribe_rsvp_for_event":"","_tribe_ticket_going_count":"","_tribe_ticket_not_going_count":"","_tribe_tickets_list":"[]","_tribe_ticket_has_attendee_info_fields":false,"footnotes":""},"categories":[24],"tags":[],"class_list":["post-6791","post","type-post","status-publish","format-standard","hentry","category-event"],"aioseo_notices":[],"_links":{"self":[{"href":"https:\/\/plattform-dresden.de\/ua\/wp-json\/wp\/v2\/posts\/6791","targetHints":{"allow":["GET"]}}],"collection":[{"href":"https:\/\/plattform-dresden.de\/ua\/wp-json\/wp\/v2\/posts"}],"about":[{"href":"https:\/\/plattform-dresden.de\/ua\/wp-json\/wp\/v2\/types\/post"}],"author":[{"embeddable":true,"href":"https:\/\/plattform-dresden.de\/ua\/wp-json\/wp\/v2\/users\/3"}],"replies":[{"embeddable":true,"href":"https:\/\/plattform-dresden.de\/ua\/wp-json\/wp\/v2\/comments?post=6791"}],"version-history":[{"count":3,"href":"https:\/\/plattform-dresden.de\/ua\/wp-json\/wp\/v2\/posts\/6791\/revisions"}],"predecessor-version":[{"id":6942,"href":"https:\/\/plattform-dresden.de\/ua\/wp-json\/wp\/v2\/posts\/6791\/revisions\/6942"}],"wp:attachment":[{"href":"https:\/\/plattform-dresden.de\/ua\/wp-json\/wp\/v2\/media?parent=6791"}],"wp:term":[{"taxonomy":"category","embeddable":true,"href":"https:\/\/plattform-dresden.de\/ua\/wp-json\/wp\/v2\/categories?post=6791"},{"taxonomy":"post_tag","embeddable":true,"href":"https:\/\/plattform-dresden.de\/ua\/wp-json\/wp\/v2\/tags?post=6791"}],"curies":[{"name":"wp","href":"https:\/\/api.w.org\/{rel}","templated":true}]}}