{"id":6474,"date":"2024-09-18T21:43:36","date_gmt":"2024-09-18T21:43:36","guid":{"rendered":"https:\/\/plattform-dresden.de\/?p=6474"},"modified":"2024-11-04T10:08:44","modified_gmt":"2024-11-04T10:08:44","slug":"deutsch-ukrainischer-talk-fur-erwachsene-4","status":"publish","type":"post","link":"https:\/\/plattform-dresden.de\/ua\/deutsch-ukrainischer-talk-fur-erwachsene-4\/","title":{"rendered":"Deutsch-Ukrainischer Talk\u00a0f\u00fcr Erwachsene"},"content":{"rendered":"<p>\ud83c\udde9\ud83c\uddeaDEUTSCH-UKRAINISCHER TALK\ud83c\uddfa\ud83c\udde6<\/p>\n<p>Diesmal zu Gast: der Verleger Viktor Hoffmann des Dresdner Thelem-Verlags. Im Thelem-Verlag erscheinen u.a. \u00dcbersetzungen klassischer ukrainischer Literatur (Ivan Franko und Lesja Ukrajinka) sowie zeitgen\u00f6ssische Lyrik (Daryna Gladun, Dmytro Pavli\u010dko).<\/p>\n<p>Beim Deutsch-Ukrainischen Talk treffen wir uns zweimal pro Monat: um uns kennenzulernen, die Sprache zu verbessern und Spa\u00df zu haben.<br \/>\nHier findest Du Getr\u00e4nke, Snacks und interessante Leute.<\/p>\n<p>Unser n\u00e4chstes Treffen findet am <strong>Dienstag, den 12.11.2024<\/strong>, statt.<br \/>\n<strong>Beginn:<\/strong> 18.30 Uhr<br \/>\n<strong>Wo:<\/strong> Ukrainisches Haus in der QF-Passage (UG \u2013 Untergeschoss), Neumarkt 2, 01067 Dresden<\/p>\n<p>Sprachniveau <strong>ab B1<\/strong><br \/>\n<strong>Anmeldung<\/strong> <a href=\"https:\/\/widgets.yolawo.de\/w\/0\/offers\/65968b6b18d318512ca09d79\">HIER<\/a><br \/>\nWir freuen uns auf dich!<\/p>\n<p><em>Kofinanziert von der Europ\u00e4ischen Union<\/em><\/p>\n","protected":false},"excerpt":{"rendered":"<p>\ud83c\udde9\ud83c\uddeaDEUTSCH-UKRAINISCHER TALK\ud83c\uddfa\ud83c\udde6 Diesmal zu Gast: der Verleger Viktor Hoffmann des Dresdner Thelem-Verlags. Im Thelem-Verlag erscheinen u.a. \u00dcbersetzungen klassischer ukrainischer Literatur (Ivan Franko und Lesja Ukrajinka) sowie zeitgen\u00f6ssische Lyrik (Daryna Gladun, Dmytro Pavli\u010dko). Beim Deutsch-Ukrainischen Talk treffen wir uns zweimal pro Monat: um uns kennenzulernen, die Sprache zu verbessern und Spa\u00df zu haben. Hier findest Du &hellip; <a href=\"https:\/\/plattform-dresden.de\/ua\/deutsch-ukrainischer-talk-fur-erwachsene-4\/\">Continued<\/a><\/p>\n","protected":false},"author":3,"featured_media":0,"comment_status":"open","ping_status":"open","sticky":false,"template":"","format":"standard","meta":{"_price":"","_stock":"","_tribe_ticket_header":"","_tribe_default_ticket_provider":"","_tribe_ticket_capacity":"","_ticket_start_date":"","_ticket_end_date":"","_tribe_ticket_show_description":"","_tribe_ticket_show_not_going":false,"_tribe_ticket_use_global_stock":"","_tribe_ticket_global_stock_level":"","_global_stock_mode":"","_global_stock_cap":"","_tribe_rsvp_for_event":"","_tribe_ticket_going_count":"","_tribe_ticket_not_going_count":"","_tribe_tickets_list":"[]","_tribe_ticket_has_attendee_info_fields":false,"footnotes":""},"categories":[24],"tags":[],"class_list":["post-6474","post","type-post","status-publish","format-standard","hentry","category-event"],"aioseo_notices":[],"_links":{"self":[{"href":"https:\/\/plattform-dresden.de\/ua\/wp-json\/wp\/v2\/posts\/6474","targetHints":{"allow":["GET"]}}],"collection":[{"href":"https:\/\/plattform-dresden.de\/ua\/wp-json\/wp\/v2\/posts"}],"about":[{"href":"https:\/\/plattform-dresden.de\/ua\/wp-json\/wp\/v2\/types\/post"}],"author":[{"embeddable":true,"href":"https:\/\/plattform-dresden.de\/ua\/wp-json\/wp\/v2\/users\/3"}],"replies":[{"embeddable":true,"href":"https:\/\/plattform-dresden.de\/ua\/wp-json\/wp\/v2\/comments?post=6474"}],"version-history":[{"count":4,"href":"https:\/\/plattform-dresden.de\/ua\/wp-json\/wp\/v2\/posts\/6474\/revisions"}],"predecessor-version":[{"id":6729,"href":"https:\/\/plattform-dresden.de\/ua\/wp-json\/wp\/v2\/posts\/6474\/revisions\/6729"}],"wp:attachment":[{"href":"https:\/\/plattform-dresden.de\/ua\/wp-json\/wp\/v2\/media?parent=6474"}],"wp:term":[{"taxonomy":"category","embeddable":true,"href":"https:\/\/plattform-dresden.de\/ua\/wp-json\/wp\/v2\/categories?post=6474"},{"taxonomy":"post_tag","embeddable":true,"href":"https:\/\/plattform-dresden.de\/ua\/wp-json\/wp\/v2\/tags?post=6474"}],"curies":[{"name":"wp","href":"https:\/\/api.w.org\/{rel}","templated":true}]}}