{"id":5466,"date":"2024-04-26T08:45:08","date_gmt":"2024-04-26T08:45:08","guid":{"rendered":"https:\/\/plattform-dresden.de\/?p=5466"},"modified":"2024-04-26T09:26:17","modified_gmt":"2024-04-26T09:26:17","slug":"on-your-side-zustrich-iz-studentamy-pedahohichnoho-fakultetu-drezdenskoho-tekhnichnoho-universytetu","status":"publish","type":"post","link":"https:\/\/plattform-dresden.de\/ua\/on-your-side-zustrich-iz-studentamy-pedahohichnoho-fakultetu-drezdenskoho-tekhnichnoho-universytetu\/","title":{"rendered":"\u201eOn your side\u201c: Treffen mit Studenten der Fakult\u00e4t f\u00fcr Erziehungswissenschaften der Technischen Universit\u00e4t Dresden"},"content":{"rendered":"<p>Im Rahmen des Projekts &#8220;<strong>On your side<\/strong>&#8220;:<\/p>\n<p>Wir laden alle ukrainischen Jugendlichen herzlich zu einem interessanten <strong>Treffen mit Studenten der Fakult\u00e4t f\u00fcr Erziehungswissenschaften der Technischen Universit\u00e4t Dresden<\/strong> ein.<\/p>\n<p><strong>Am 2. Mai um 17:30<\/strong> Uhr habt ihr die M\u00f6glichkeit, Fragen zum Thema Schule\/Studium zu stellen und Antworten aus erster Hand zu erhalten. W\u00e4hrend des Treffens werden wir auch \u00fcber den Integrationsprozess und den Schulalltag sprechen. Wie es in Ihrer Schule oder Ihrem Klassenzimmer l\u00e4uft. Und nat\u00fcrlich k\u00f6nnen Sie auch Ihre eigenen Themen zur Diskussion einbringen.<\/p>\n<p>Das Treffen findet im <strong>Ukrainischen Haus<\/strong> (Neumarkt 2, Dresden, QF-Passage, UG) statt.<\/p>\n<p>Die Veranstaltung wird moderiert von <strong>Vira Dumke &#038; Maryna Marchenko<\/strong> (Plattform Dresden e.V.) und <strong>Dr. Kristina Kocyba<\/strong> von der Technischen Universit\u00e4t Dresden.<\/p>\n<p>Anmeldung \u00fcber den Link: <a href=\"https:\/\/widgets.yolawo.de\/w\/0\/bookables\/6626cbfe7511cf31cfa60c51\">https:\/\/widgets.yolawo.de\/w\/0\/bookables\/6626cbfe7511cf31cfa60c51<\/a><\/p>\n<p>&nbsp;<\/p>\n","protected":false},"excerpt":{"rendered":"<p>Im Rahmen des Projekts &#8220;On your side&#8220;: Wir laden alle ukrainischen Jugendlichen herzlich zu einem interessanten Treffen mit Studenten der Fakult\u00e4t f\u00fcr Erziehungswissenschaften der Technischen Universit\u00e4t Dresden ein. Am 2. Mai um 17:30 Uhr habt ihr die M\u00f6glichkeit, Fragen zum Thema Schule\/Studium zu stellen und Antworten aus erster Hand zu erhalten. W\u00e4hrend des Treffens werden &hellip; <a href=\"https:\/\/plattform-dresden.de\/ua\/on-your-side-zustrich-iz-studentamy-pedahohichnoho-fakultetu-drezdenskoho-tekhnichnoho-universytetu\/\">Continued<\/a><\/p>\n","protected":false},"author":3,"featured_media":0,"comment_status":"open","ping_status":"open","sticky":false,"template":"","format":"standard","meta":{"_price":"","_stock":"","_tribe_ticket_header":"","_tribe_default_ticket_provider":"","_tribe_ticket_capacity":"","_ticket_start_date":"","_ticket_end_date":"","_tribe_ticket_show_description":"","_tribe_ticket_show_not_going":false,"_tribe_ticket_use_global_stock":"","_tribe_ticket_global_stock_level":"","_global_stock_mode":"","_global_stock_cap":"","_tribe_rsvp_for_event":"","_tribe_ticket_going_count":"","_tribe_ticket_not_going_count":"","_tribe_tickets_list":"[]","_tribe_ticket_has_attendee_info_fields":false,"footnotes":""},"categories":[24],"tags":[],"class_list":["post-5466","post","type-post","status-publish","format-standard","hentry","category-event"],"aioseo_notices":[],"_links":{"self":[{"href":"https:\/\/plattform-dresden.de\/ua\/wp-json\/wp\/v2\/posts\/5466","targetHints":{"allow":["GET"]}}],"collection":[{"href":"https:\/\/plattform-dresden.de\/ua\/wp-json\/wp\/v2\/posts"}],"about":[{"href":"https:\/\/plattform-dresden.de\/ua\/wp-json\/wp\/v2\/types\/post"}],"author":[{"embeddable":true,"href":"https:\/\/plattform-dresden.de\/ua\/wp-json\/wp\/v2\/users\/3"}],"replies":[{"embeddable":true,"href":"https:\/\/plattform-dresden.de\/ua\/wp-json\/wp\/v2\/comments?post=5466"}],"version-history":[{"count":3,"href":"https:\/\/plattform-dresden.de\/ua\/wp-json\/wp\/v2\/posts\/5466\/revisions"}],"predecessor-version":[{"id":5469,"href":"https:\/\/plattform-dresden.de\/ua\/wp-json\/wp\/v2\/posts\/5466\/revisions\/5469"}],"wp:attachment":[{"href":"https:\/\/plattform-dresden.de\/ua\/wp-json\/wp\/v2\/media?parent=5466"}],"wp:term":[{"taxonomy":"category","embeddable":true,"href":"https:\/\/plattform-dresden.de\/ua\/wp-json\/wp\/v2\/categories?post=5466"},{"taxonomy":"post_tag","embeddable":true,"href":"https:\/\/plattform-dresden.de\/ua\/wp-json\/wp\/v2\/tags?post=5466"}],"curies":[{"name":"wp","href":"https:\/\/api.w.org\/{rel}","templated":true}]}}