{"id":4647,"date":"2023-11-08T16:43:49","date_gmt":"2023-11-08T16:43:49","guid":{"rendered":"https:\/\/plattform-dresden.de\/?p=4647"},"modified":"2023-11-08T22:06:16","modified_gmt":"2023-11-08T22:06:16","slug":"kinoklub-we-will-not-fade-away-my-ne-zhasnemo-2023","status":"publish","type":"post","link":"https:\/\/plattform-dresden.de\/ua\/kinoklub-we-will-not-fade-away-my-ne-zhasnemo-2023\/","title":{"rendered":"Kinoklub &#8220;We will not fade away&#8221;\/ &#8220;\u041c\u0438 \u043d\u0435 \u0437\u0433\u0430\u0441\u043d\u0435\u043c\u043e&#8221; (2023)"},"content":{"rendered":"<div class=\"cu-page-module \">\n<div id=\"plot\" class=\"cu-ui-text-module js-cu-jump-marker-target js-cu-editInlineTarget js-cu-hidden-on-no-content\" data-jump-marker-alternative-label=\"Inhalt\" data-jump-marker-key=\"plot\">\n<div class=\"cu-ui-common-panel js-cu-hideOnEditInline\">\n<div class=\"cu-ui-common-read-more js-cu-read-more-controller \">\n<h5 class=\"cu-ui-common-description\"><\/h5>\n<\/div>\n<h5><strong>We will not fade away\/ \u041c\u0438 \u043d\u0435 \u0437\u0433\u0430\u0441\u043d\u0435\u043c\u043e (2023)<\/strong><\/h5>\n<h5>Film von Alisa Kovalenko<span class=\"Apple-converted-space\">\u00a0<\/span>Sprache: Russisch, Ukrainisch, mit ENG Untertiteln<\/h5>\n<p>Bombardements und Gewehrsalven sind f\u00fcr die zwischen Ruinen, Minenfeldern, Schutzbunkern und Bergwerken aufgewachsenen ukrainischen Jugendlichen im Donbass seit 2014 so allt\u00e4glich wie der Wunsch nach einem besseren Leben. F\u00fcr Andriy, Illia, Lera, Liza und Ruslan erf\u00fcllt sich mit einer Expedition in den Himalaja kurzzeitig dieser Traum, bevor im Februar 2022 der russische Angriff auf die gesamte Ukraine alle Hoffnungen zerschl\u00e4gt. Mit einf\u00fchlsamer, unaufdringlich beobachtender Kamera zeichnet der Film das bewegende Portr\u00e4t einer Generation, die trotz oder gerade wegen der sie umgebenden Finsternis imstande ist, die fragile Sch\u00f6nheit des Lebens zu erkennen und zu feiern.<span class=\"Apple-converted-space\">\u00a0<\/span><\/p>\n<p>Empfohlen ab 14 Jahren<\/p>\n<p><span style=\"font-size: 1.25rem; color: var(--bs-body-color); font-family: Rajdhani-Medium, sans-serif; text-align: var(--bs-body-text-align); background-color: var(--bs-body-bg);\">Wann: Dienstag, 28. November, 18:30\u00a0<\/span><\/p>\n<\/div>\n<\/div>\n<\/div>\n<h5 class=\"cu-page-module \">Wo: Zentralkino<\/h5>\n<p>Tickets: \u00a0<a href=\"https:\/\/www.kinoheld.de\/kino\/dresden\/zentralkino-dresden\/vorstellung\/2888783472?mode=widget&#038;layout=days&#038;layouts=days&#038;design=red&#038;date=&#038;rb=1#panel-seats\">https:\/\/www.kinoheld.de\/kino\/dresden\/zentralkino-dresden\/vorstellung\/2888783472?mode=widget&#038;layout=days&#038;layouts=days&#038;design=red&#038;date=&#038;rb=1#panel-seats<\/a><\/p>\n<p><a href=\"https:\/\/plattform-dresden.de\/kinoklub-we-will-not-fade-away-my-ne-zhasnemo-2023\/1675296-1024\/\" rel=\"attachment wp-att-4648\"><img loading=\"lazy\" decoding=\"async\" class=\"alignnone size-full wp-image-4648\" src=\"https:\/\/plattform-dresden.de\/wp-content\/uploads\/2023\/11\/1675296.1024.jpg\" alt=\"\" width=\"725\" height=\"1024\" srcset=\"https:\/\/plattform-dresden.de\/wp-content\/uploads\/2023\/11\/1675296.1024.jpg 725w, https:\/\/plattform-dresden.de\/wp-content\/uploads\/2023\/11\/1675296.1024-212x300.jpg 212w, https:\/\/plattform-dresden.de\/wp-content\/uploads\/2023\/11\/1675296.1024-35x50.jpg 35w\" sizes=\"auto, (max-width: 725px) 100vw, 725px\" \/><\/a><\/p>\n<h5><\/h5>\n","protected":false},"excerpt":{"rendered":"<p>We will not fade away\/ \u041c\u0438 \u043d\u0435 \u0437\u0433\u0430\u0441\u043d\u0435\u043c\u043e (2023) Film von Alisa Kovalenko\u00a0Sprache: Russisch, Ukrainisch, mit ENG Untertiteln Bombardements und Gewehrsalven sind f\u00fcr die zwischen Ruinen, Minenfeldern, Schutzbunkern und Bergwerken aufgewachsenen ukrainischen Jugendlichen im Donbass seit 2014 so allt\u00e4glich wie der Wunsch nach einem besseren Leben. F\u00fcr Andriy, Illia, Lera, Liza und Ruslan erf\u00fcllt sich &hellip; <a href=\"https:\/\/plattform-dresden.de\/ua\/kinoklub-we-will-not-fade-away-my-ne-zhasnemo-2023\/\">Continued<\/a><\/p>\n","protected":false},"author":3,"featured_media":0,"comment_status":"open","ping_status":"open","sticky":false,"template":"","format":"standard","meta":{"_price":"","_stock":"","_tribe_ticket_header":"","_tribe_default_ticket_provider":"","_tribe_ticket_capacity":"","_ticket_start_date":"","_ticket_end_date":"","_tribe_ticket_show_description":"","_tribe_ticket_show_not_going":false,"_tribe_ticket_use_global_stock":"","_tribe_ticket_global_stock_level":"","_global_stock_mode":"","_global_stock_cap":"","_tribe_rsvp_for_event":"","_tribe_ticket_going_count":"","_tribe_ticket_not_going_count":"","_tribe_tickets_list":"[]","_tribe_ticket_has_attendee_info_fields":false,"footnotes":""},"categories":[24],"tags":[],"class_list":["post-4647","post","type-post","status-publish","format-standard","hentry","category-event"],"aioseo_notices":[],"_links":{"self":[{"href":"https:\/\/plattform-dresden.de\/ua\/wp-json\/wp\/v2\/posts\/4647","targetHints":{"allow":["GET"]}}],"collection":[{"href":"https:\/\/plattform-dresden.de\/ua\/wp-json\/wp\/v2\/posts"}],"about":[{"href":"https:\/\/plattform-dresden.de\/ua\/wp-json\/wp\/v2\/types\/post"}],"author":[{"embeddable":true,"href":"https:\/\/plattform-dresden.de\/ua\/wp-json\/wp\/v2\/users\/3"}],"replies":[{"embeddable":true,"href":"https:\/\/plattform-dresden.de\/ua\/wp-json\/wp\/v2\/comments?post=4647"}],"version-history":[{"count":3,"href":"https:\/\/plattform-dresden.de\/ua\/wp-json\/wp\/v2\/posts\/4647\/revisions"}],"predecessor-version":[{"id":4651,"href":"https:\/\/plattform-dresden.de\/ua\/wp-json\/wp\/v2\/posts\/4647\/revisions\/4651"}],"wp:attachment":[{"href":"https:\/\/plattform-dresden.de\/ua\/wp-json\/wp\/v2\/media?parent=4647"}],"wp:term":[{"taxonomy":"category","embeddable":true,"href":"https:\/\/plattform-dresden.de\/ua\/wp-json\/wp\/v2\/categories?post=4647"},{"taxonomy":"post_tag","embeddable":true,"href":"https:\/\/plattform-dresden.de\/ua\/wp-json\/wp\/v2\/tags?post=4647"}],"curies":[{"name":"wp","href":"https:\/\/api.w.org\/{rel}","templated":true}]}}