{"id":4029,"date":"2023-07-29T12:50:20","date_gmt":"2023-07-29T12:50:20","guid":{"rendered":"https:\/\/plattform-dresden.de\/?p=4029"},"modified":"2024-01-18T21:33:06","modified_gmt":"2024-01-18T21:33:06","slug":"gemeinsam-heimatlos","status":"publish","type":"post","link":"https:\/\/plattform-dresden.de\/ua\/gemeinsam-heimatlos\/","title":{"rendered":"\u201eGemeinsam Heimatlos\u201c"},"content":{"rendered":"<p style=\"font-weight: 400;\">Projekt <strong>\u201eGemeinsam Heimatlos\u201c<\/strong> pr\u00e4sentiert eine Foto- und Interviewreihe mit in Dresden lebenden Gefl\u00fcchteten. Portraitfotografien und Geschichten von Kriegsfl\u00fcchtlingen aus Libyen, Syrien, Osteuropa und der Ukraine vermitteln einen Eindruck von der Vielfalt der Schicksale, die durch eine Fluchterfahrung als existentielle Krise gepr\u00e4gt wurden.<\/p>\n<p style=\"font-weight: 400;\">\u201eGemeinsam Heimatlos\u201c ist ein Projekt \u00fcber Selbstidentit\u00e4t angesichts des Verlustes. \u00dcber den Verlust von Heimat, Familie, allt\u00e4glichen Bezugspunkten und als existenzielle Erfahrung. Ein Projekt \u00fcber eine Ersch\u00f6pfung, die scheinbar unendliche M\u00f6glichkeiten der Anpassung gibt. Ein Projekt \u00fcber die Ann\u00e4herung an die eigene Angst und den Schmerz, der nicht nachl\u00e4sst, aber nicht am Leben hindert.<\/p>\n<p style=\"font-weight: 400;\">Das Projekt von<strong> Vira Dumke<\/strong> (Fotografin aus Charkiv) und <strong>Iryna Fingerova<\/strong> (Schriftstellerin und \u00c4rztin aus Odessa) entstand w\u00e4hrend ihrer freiwilligen Arbeit mit Gefl\u00fcchteten aus verschiedenen L\u00e4ndern.<\/p>\n<p style=\"font-weight: 400;\">Das Projekt \u201eGemeinsam Heimatlos\u201c des Vereins Plattform Dresden wird durch das Amt f\u00fcr Kultur und Denkmalschutz Dresden und der Osts\u00e4chsischen Sparkasse Dresden gef\u00f6rdert.<\/p>\n<p style=\"font-weight: 400;\">Alle Texte auf <a href=\"https:\/\/www.facebook.com\/InfoPost.media.ua?__cft__%5B0%5D=AZWZ70a06Ymo5t3XBW4AUImr2RFRd2vkEK8_Z7tPns6_oMvK54HP1frBWp8c7EqecRfAnmQLjXGymhieYDnA4qXIp69Th64nMlAFrGrVqsm8jSvO0J-Wq9uStXDIWgg_4CdqCrXCo_0PWLhaY4F2dmozUqn-oQG-uShVSDvCiV3jC2J9bpw5tNrUx_LMAPovU2I&#038;__tn__=-%5DK-R\">https:\/\/infopost.media\/<\/a> wurden auf Ukrainisch ver\u00f6ffentlicht:<\/p>\n<p style=\"font-weight: 400;\">\u00ab\u0411\u0435\u0437 \u0434\u043e\u043c\u0443\u00bb: \u0456\u0441\u0442\u043e\u0440\u0456\u044f \u0421\u0435\u043c\u0435\u0440\u0435 \u041e\u043a\u0443\u0431\u0443\u0437\u0456\u043b\u0430\u0437\u0435 \u0437 \u0415\u0440\u0438\u0442\u0440\u0435\u0457<\/p>\n<p style=\"font-weight: 400;\"><a href=\"https:\/\/infopost.media\/bez-domu-semere-okubuzilaze-z-erytreyi\/?fbclid=IwAR1yDEdOQ5AzCjpqx063IOTJ3a7I41SccHm-Fv-ozjUthz3qN9hmpBodowI\">https:\/\/infopost.media\/bez-domu-semere-okubuzilaze-z-erytreyi\/<\/a><\/p>\n<p style=\"font-weight: 400;\">\u00ab\u0411\u0435\u0437 \u0434\u043e\u043c\u0443\u00bb: \u0414\u0456\u043c \u2013 \u0442\u0430\u043c, \u0434\u0435 \u0442\u0432\u043e\u0457 \u043a\u0440\u043e\u043b\u0438\u043a\u0438 \u0442\u0430 \u0442\u0432\u043e\u0457 \u043c\u043e\u0433\u0438\u043b\u0438<\/p>\n<p style=\"font-weight: 400;\"><a href=\"https:\/\/infopost.media\/bez-domu-dim-tam-de-tvoyi-krolyky-ta-tvoyi-mogyly\/?fbclid=IwAR3iIhSqZasTRCNzLKPmoxDlK4MgrKGNILeIccvKaxH-PyvcufhfAitphUw\">https:\/\/infopost.media\/bez-domu-dim-tam-de-tvoyi-krolyky-ta-tvoyi-mogyly\/<\/a><\/p>\n<p style=\"font-weight: 400;\">\u00ab\u0411\u0435\u0437 \u0434\u043e\u043c\u0443\u00bb: \u0456\u0441\u0442\u043e\u0440\u0456\u044f \u0421\u0430\u043c\u0430\u0440, \u044f\u043a\u0430 \u0432\u0440\u044f\u0442\u0443\u0432\u0430\u043b\u0430\u0441\u044c \u0456\u0437 \u041b\u0456\u0432\u0456\u0457 \u0442\u0430 \u0437\u043d\u0430\u0439\u0448\u043b\u0430 \u0431\u0430\u0442\u044c\u043a\u0456\u0432\u0449\u0438\u043d\u0443 \u0432 \u041d\u0456\u043c\u0435\u0447\u0447\u0438\u043d\u0456<\/p>\n<p style=\"font-weight: 400;\"><a href=\"https:\/\/infopost.media\/bez-domu-istoriya-samar-yaka-vryatuvalas-iz-liviyi-ta-znajshla-batkivshhynu-v-nimechchyni\/?fbclid=IwAR1gQ_-PP_aODTZvswP43jn-J2LsbzVRzjW4IFuXd_NbR8t7vCna2PVVlfQ\">https:\/\/infopost.media\/bez-domu-istoriya-samar-yaka-vryatuvalas-iz-liviyi-ta-znajshla-batkivshhynu-v-nimechchyni\/<\/a><\/p>\n<p style=\"font-weight: 400;\">\u00ab\u0411\u0435\u0437 \u0434\u043e\u043c\u0443\u00bb: \u0421\u0430\u0448\u0430 \u0437 \u0425\u0430\u0440\u0446\u0438\u0437\u044c\u043a\u0430<\/p>\n<p style=\"font-weight: 400;\"><a href=\"https:\/\/infopost.media\/bez-domu-sasha-z-harczyzka\/\">https:\/\/infopost.media\/bez-domu-sasha-z-harczyzka\/<\/a><\/p>\n<p style=\"font-weight: 400;\">\u00ab\u0411\u0435\u0437 \u0434\u043e\u043c\u0443\u00bb: \u041f\u043e\u043f\u0440\u0438 \u0432\u0441\u0435 \u0431\u0443\u0434\u0443\u0432\u0430\u0442\u0438 \u0434\u0456\u043c<\/p>\n<p style=\"font-weight: 400;\">\u041e\u043b\u0435\u043d\u0430 \u0437 \u0411\u0443\u0447\u0456<\/p>\n<p style=\"font-weight: 400;\"><a href=\"https:\/\/infopost.media\/bez-domu-popry-vse-buduvaty-dim\/\">https:\/\/infopost.media\/bez-domu-popry-vse-buduvaty-dim\/<\/a><\/p>\n<p style=\"font-weight: 400;\">\u00ab\u0411\u0435\u0437 \u0434\u043e\u043c\u0443\u00bb: \u0422\u0430\u043d\u0435\u0446\u044c \u0437 \u043f\u0440\u0438\u043c\u0430\u0440\u0430\u043c\u0438. \u041b\u0454\u0440\u0430 \u0437 \u0414\u043e\u043d\u0435\u0446\u044c\u043a\u0443<\/p>\n<p style=\"font-weight: 400;\"><a href=\"https:\/\/infopost.media\/bez-domu-tanecz-z-prymaramy\/\">https:\/\/infopost.media\/bez-domu-tanecz-z-prymaramy\/<\/a><\/p>\n<p style=\"font-weight: 400;\">\u00dcber das Projekt in der Presse:<\/p>\n<p style=\"font-weight: 400;\">TAG24<\/p>\n<p style=\"font-weight: 400;\"><a href=\"https:\/\/www.tag24.de\/amp\/dresden\/kultur-leute\/eine-aerztin-und-eine-fotografin-machen-uns-ein-bild-beruehrende-flucht-schicksale-im-qf-2963361\">https:\/\/www.tag24.de\/amp\/dresden\/kultur-leute\/eine-aerztin-und-eine-fotografin-machen-uns-ein-bild-beruehrende-flucht-schicksale-im-qf-2963361<\/a><\/p>\n<p style=\"font-weight: 400;\">MDR SACHSEN<\/p>\n<p style=\"font-weight: 400;\"><a href=\"https:\/\/www.mdr.de\/nachrichten\/sachsen\/dresden\/ausstellung-fluechtlinge-ukraine-syrien-vernissage-100.html\">https:\/\/www.mdr.de\/nachrichten\/sachsen\/dresden\/ausstellung-fluechtlinge-ukraine-syrien-vernissage-100.html<\/a><\/p>\n<p style=\"font-weight: 400;\"><a href=\"https:\/\/www.mdr.de\/nachrichten\/sachsen\/dresden\/video-ausstellung-flucht-fluechtlinge-portraits-100.html\">https:\/\/www.mdr.de\/nachrichten\/sachsen\/dresden\/video-ausstellung-flucht-fluechtlinge-portraits-100.html<\/a><\/p>\n<p style=\"font-weight: 400;\">S\u00e4chsische.de<\/p>\n<p style=\"font-weight: 400;\"><a href=\"https:\/\/www.saechsische.de\/dresden\/lokales\/ukraine-haus-ausstellung-5914832-plus.html\">https:\/\/www.saechsische.de\/dresden\/lokales\/ukraine-haus-ausstellung-5914832-plus.html<\/a><\/p>\n<p style=\"font-weight: 400;\"><strong>Iryna Fingerova<\/strong><\/p>\n<p><img loading=\"lazy\" decoding=\"async\" class=\"alignnone wp-image-4030\" src=\"https:\/\/plattform-dresden.de\/wp-content\/uploads\/2023\/07\/iryna-fingerova-200x300.jpg\" alt=\"\" width=\"119\" height=\"179\" srcset=\"https:\/\/plattform-dresden.de\/wp-content\/uploads\/2023\/07\/iryna-fingerova-200x300.jpg 200w, https:\/\/plattform-dresden.de\/wp-content\/uploads\/2023\/07\/iryna-fingerova-683x1024.jpg 683w, https:\/\/plattform-dresden.de\/wp-content\/uploads\/2023\/07\/iryna-fingerova-768x1152.jpg 768w, https:\/\/plattform-dresden.de\/wp-content\/uploads\/2023\/07\/iryna-fingerova-1024x1536.jpg 1024w, https:\/\/plattform-dresden.de\/wp-content\/uploads\/2023\/07\/iryna-fingerova-1365x2048.jpg 1365w, https:\/\/plattform-dresden.de\/wp-content\/uploads\/2023\/07\/iryna-fingerova-33x50.jpg 33w, https:\/\/plattform-dresden.de\/wp-content\/uploads\/2023\/07\/iryna-fingerova-scaled.jpg 1707w\" sizes=\"auto, (max-width: 119px) 100vw, 119px\" \/><\/p>\n<p>Iryna Fingerova ist \u00c4rztin, Journalistin und Schriftstellerin aus Odesa.<\/p>\n<p>Zurzeit arbeitet sie als Haus\u00e4rztin in Dresden.<\/p>\n<p>Als Vorstand von \u201ePlattform Dresden e.V.\u201c organisiert sie Hilfe f\u00fcr die Ukraine und f\u00f6rdert die deutsch-ukrainischen Kulturbeziehungen.<\/p>\n<p>B\u00fccher: \u201eTamagotchi\u201c (2009), \u201eSur-Tuk\u201c (2016), \u201ePlacebo\u201c, (2018), \u201eZamki\u201c (2020), Folio Verlag, Charkiw; das Kinderbuch \u201eTrink mal\u201c (2022), Parasolya-Verlag. Ihre Texte wurden ins Deutsche, Englische und Serbische \u00fcbersetzt.<\/p>\n<p>Deutsche \u00dcbersetzungen ihrer Kurzgeschichten sind erschienen in: \u201eTITEL kulturmagazin\u201c<\/p>\n<p>(Hamburg), \u201eOstragehege\u201c (Dresden), \u201eMaulkorb\u201c (Dresden), \u201eLICHTUNGEN\u201c (Graz), \u201eorte Literaturzeitschrift\u201c (Schwellbrunn), \u201eEntw\u00fcrfe\u201c (Z\u00fcrich). Essays von Iryna sind im Tagesanzeiger (Z\u00fcrich) und in der S\u00fcddeutschen Zeitung (M\u00fcnchen) erschienen.<\/p>\n<p><strong>Vira Dumke<\/strong><\/p>\n<p><img loading=\"lazy\" decoding=\"async\" class=\"alignnone wp-image-4031\" src=\"https:\/\/plattform-dresden.de\/wp-content\/uploads\/2023\/07\/vira-dumke-200x300.jpg\" alt=\"\" width=\"121\" height=\"182\" srcset=\"https:\/\/plattform-dresden.de\/wp-content\/uploads\/2023\/07\/vira-dumke-200x300.jpg 200w, https:\/\/plattform-dresden.de\/wp-content\/uploads\/2023\/07\/vira-dumke-683x1024.jpg 683w, https:\/\/plattform-dresden.de\/wp-content\/uploads\/2023\/07\/vira-dumke-768x1152.jpg 768w, https:\/\/plattform-dresden.de\/wp-content\/uploads\/2023\/07\/vira-dumke-1024x1536.jpg 1024w, https:\/\/plattform-dresden.de\/wp-content\/uploads\/2023\/07\/vira-dumke-1366x2048.jpg 1366w, https:\/\/plattform-dresden.de\/wp-content\/uploads\/2023\/07\/vira-dumke-33x50.jpg 33w, https:\/\/plattform-dresden.de\/wp-content\/uploads\/2023\/07\/vira-dumke-scaled.jpg 1707w\" sizes=\"auto, (max-width: 121px) 100vw, 121px\" \/><\/p>\n<p>Vira Dumke ist seit 2021 freiberufliche Fotografin. Ihr Fokus ist die dokumentarische Familienfotografie sowie Aufnahmen von Menschen in ihrem Alltag. Ihren Stil nennt sie selbst \u201esomething to remember\u201c.<\/p>\n<p>Im Fotografieprojekt \u201eVerlust und Hoffnung\u201c (gef\u00f6rdert durch die KdFS) hat sie Fotoportraits von ukrainischen K\u00fcnstler:innen angefertigt, die nach der russischen Invasion ihre vertraute Umgebung verlassen mussten, sowie auch von Kulturschaffenden, die schon seit l\u00e4ngerer in Sachsen leben. Mit den Beteiligten hat sie \u00fcber pers\u00f6nliche Erfahrungen des Verlustes und \u00fcber ungewisse Zukunftsperspektiven gesprochen. Mit dem Projekt soll die Gesellschaft auf die vielen Einzelschicksale und die prek\u00e4re Situation vieler vom Krieg betroffener Menschen aufmerksam gemacht werden.<\/p>\n<p>Aktuell besch\u00e4ftigt sie sich mit dem Langzeitprojekt \u201ePhasen\u201c sowie \u201eGemeinsam Heimatlos\u201c. Dabei versucht und lernt sie mithilfe der fotografischen Perspektive auch ihre eigene Identit\u00e4t und Herkunft zu reflektieren.<\/p>\n<p style=\"font-weight: 400;\">Dieses Projekt hat unser Weltbild ver\u00e4ndert. Und wir sind allen unseren Teilnehmern dankbar f\u00fcr den Mut, offen \u00fcber ihren Schmerz zu sprechen. Ihre Geschichten sind wichtig, und es ist wichtig, laut \u00fcber Dinge zu sprechen, die man am liebsten vergessen w\u00fcrde. Auch wenn es sehr be\u00e4ngstigend ist. Nicht jeder hat den Mut, sich seinen Erfahrungen zu stellen und sein Trauma anzunehmen, auch wenn die Menschen ihre Identit\u00e4t oft um das Trauma herum aufbauen. Aber diejenigen, die sich trauen, helfen anderen, zu sp\u00fcren, dass sie nicht allein sind und dass sie weitermachen m\u00fcssen.<\/p>\n<p style=\"font-weight: 400;\">F\u00fcr uns geht es bei diesem Projekt nicht um Geschichten von Menschen, die \u00fcberlebt haben, sondern um die Menschen, die trotz allem leben k\u00f6nnen.<\/p>\n<p>&nbsp;<\/p>\n<div dir=\"auto\">\n<p><em><span style=\"font-family: Ubuntu-Regular, sans-serif; font-size: var(--bs-body-font-size); text-align: var(--bs-body-text-align);\">Das Projekt \u201eGemeinsam Heimatlos\u201c des Vereins Plattform Dresden wird durch das Amt f\u00fcr Kultur und Denkmalschutz Dresden und der Osts\u00e4chsischen Sparkasse Dresden gef\u00f6rdert.<\/span><\/em><\/p>\n<\/div>\n<p><a href=\"https:\/\/plattform-dresden.de\/gemeinsam-heimatlos\/2024-01-04-22-39-04\/\" rel=\"attachment wp-att-4967\"><img loading=\"lazy\" decoding=\"async\" class=\"alignnone wp-image-4967\" src=\"https:\/\/plattform-dresden.de\/wp-content\/uploads\/2023\/07\/2024-01-04-22.39.04.jpg\" alt=\"\" width=\"399\" height=\"92\" srcset=\"https:\/\/plattform-dresden.de\/wp-content\/uploads\/2023\/07\/2024-01-04-22.39.04.jpg 1280w, https:\/\/plattform-dresden.de\/wp-content\/uploads\/2023\/07\/2024-01-04-22.39.04-300x69.jpg 300w, https:\/\/plattform-dresden.de\/wp-content\/uploads\/2023\/07\/2024-01-04-22.39.04-1024x236.jpg 1024w, https:\/\/plattform-dresden.de\/wp-content\/uploads\/2023\/07\/2024-01-04-22.39.04-768x177.jpg 768w, https:\/\/plattform-dresden.de\/wp-content\/uploads\/2023\/07\/2024-01-04-22.39.04-50x12.jpg 50w\" sizes=\"auto, (max-width: 399px) 100vw, 399px\" \/><\/a>\u00a0 \u00a0 \u00a0 <a href=\"https:\/\/plattform-dresden.de\/gemeinsam-heimatlos\/ostsachsische-sparkasse-dresden-seeklogo-com\/\" rel=\"attachment wp-att-4966\"><img loading=\"lazy\" decoding=\"async\" class=\"alignnone wp-image-4966\" src=\"https:\/\/plattform-dresden.de\/wp-content\/uploads\/2023\/07\/ostsachsische-sparkasse-dresden-seeklogo.com_.svg\" alt=\"\" width=\"357\" height=\"102\" \/><\/a><\/p>\n","protected":false},"excerpt":{"rendered":"<p>Projekt \u201eGemeinsam Heimatlos\u201c pr\u00e4sentiert eine Foto- und Interviewreihe mit in Dresden lebenden Gefl\u00fcchteten. Portraitfotografien und Geschichten von Kriegsfl\u00fcchtlingen aus Libyen, Syrien, Osteuropa und der Ukraine vermitteln einen Eindruck von der Vielfalt der Schicksale, die durch eine Fluchterfahrung als existentielle Krise gepr\u00e4gt wurden. \u201eGemeinsam Heimatlos\u201c ist ein Projekt \u00fcber Selbstidentit\u00e4t angesichts des Verlustes. \u00dcber den Verlust &hellip; <a href=\"https:\/\/plattform-dresden.de\/ua\/gemeinsam-heimatlos\/\">Continued<\/a><\/p>\n","protected":false},"author":3,"featured_media":0,"comment_status":"open","ping_status":"open","sticky":false,"template":"","format":"standard","meta":{"_price":"","_stock":"","_tribe_ticket_header":"","_tribe_default_ticket_provider":"","_tribe_ticket_capacity":"","_ticket_start_date":"","_ticket_end_date":"","_tribe_ticket_show_description":"","_tribe_ticket_show_not_going":false,"_tribe_ticket_use_global_stock":"","_tribe_ticket_global_stock_level":"","_global_stock_mode":"","_global_stock_cap":"","_tribe_rsvp_for_event":"","_tribe_ticket_going_count":"","_tribe_ticket_not_going_count":"","_tribe_tickets_list":"[]","_tribe_ticket_has_attendee_info_fields":false,"footnotes":""},"categories":[25],"tags":[],"class_list":["post-4029","post","type-post","status-publish","format-standard","hentry","category-project"],"aioseo_notices":[],"_links":{"self":[{"href":"https:\/\/plattform-dresden.de\/ua\/wp-json\/wp\/v2\/posts\/4029","targetHints":{"allow":["GET"]}}],"collection":[{"href":"https:\/\/plattform-dresden.de\/ua\/wp-json\/wp\/v2\/posts"}],"about":[{"href":"https:\/\/plattform-dresden.de\/ua\/wp-json\/wp\/v2\/types\/post"}],"author":[{"embeddable":true,"href":"https:\/\/plattform-dresden.de\/ua\/wp-json\/wp\/v2\/users\/3"}],"replies":[{"embeddable":true,"href":"https:\/\/plattform-dresden.de\/ua\/wp-json\/wp\/v2\/comments?post=4029"}],"version-history":[{"count":20,"href":"https:\/\/plattform-dresden.de\/ua\/wp-json\/wp\/v2\/posts\/4029\/revisions"}],"predecessor-version":[{"id":7256,"href":"https:\/\/plattform-dresden.de\/ua\/wp-json\/wp\/v2\/posts\/4029\/revisions\/7256"}],"wp:attachment":[{"href":"https:\/\/plattform-dresden.de\/ua\/wp-json\/wp\/v2\/media?parent=4029"}],"wp:term":[{"taxonomy":"category","embeddable":true,"href":"https:\/\/plattform-dresden.de\/ua\/wp-json\/wp\/v2\/categories?post=4029"},{"taxonomy":"post_tag","embeddable":true,"href":"https:\/\/plattform-dresden.de\/ua\/wp-json\/wp\/v2\/tags?post=4029"}],"curies":[{"name":"wp","href":"https:\/\/api.w.org\/{rel}","templated":true}]}}