{"id":3090,"date":"2022-11-02T18:38:44","date_gmt":"2022-11-02T18:38:44","guid":{"rendered":"https:\/\/plattform-dresden.de\/?p=3090"},"modified":"2022-11-02T18:45:08","modified_gmt":"2022-11-02T18:45:08","slug":"tag-der-offenen-tur-im-ukrainischen-haus","status":"publish","type":"post","link":"https:\/\/plattform-dresden.de\/ua\/tag-der-offenen-tur-im-ukrainischen-haus\/","title":{"rendered":"Tag der offenen T\u00fcr im &#8220;Ukrainischen Haus&#8221;"},"content":{"rendered":"<div class=\"xdj266r x11i5rnm xat24cr x1mh8g0r x1vvkbs x126k92a\">\n<div dir=\"auto\">Das \u201eUkrainische Haus\u201c ist ein Ort der Zusammenkunft, der Kreativit\u00e4t und des Erschaffens. Ein Ort an dem Projekte entstehen, zum Leben erweckt und fortentwickelt werden. Ein Ort an dem die deutsche, ukrainische und alle weiteren Kulturen zum Austausch kommen sollen. Ein Ort an dem f\u00fcr Klein und Gro\u00df ein Angebot besteht, um einander und die Welt da drau\u00dfen kennen zu lernen. Hier kommt manch einer zur Ruhe, ein anderer zu seiner besten kreativen Idee und ein wieder anderer entdeckt neue Facetten an sich. Das \u201eUkrainische Haus\u201c ist bunt und steckt voller \u00dcberraschungen. <span style=\"background-color: var(--bs-body-bg); color: var(--bs-body-color); font-size: var(--bs-body-font-size); font-weight: var(--bs-body-font-weight); text-align: var(--bs-body-text-align);\">Wir haben Sie neugierig gemacht? <\/span><span style=\"background-color: var(--bs-body-bg); color: var(--bs-body-color); font-size: var(--bs-body-font-size); font-weight: var(--bs-body-font-weight); text-align: var(--bs-body-text-align);\">Dann kommen Sie doch gerne zu unserer Er\u00f6ffnung am 07.11.2022 ab 10:00 Uhr in der QF Passage (UG) und lernen Sie uns weiter kennen, w\u00e4hrend Sie unser vielf\u00e4ltiges Programm genie\u00dfen.<\/span><\/div>\n<\/div>\n<div class=\"x11i5rnm xat24cr x1mh8g0r x1vvkbs xtlvy1s x126k92a\">\n<div dir=\"auto\"><\/div>\n<div dir=\"auto\"><strong>Programm:<\/strong><\/div>\n<\/div>\n<div class=\"x11i5rnm xat24cr x1mh8g0r x1vvkbs xtlvy1s x126k92a\">\n<div dir=\"auto\">10:00 Uhr: Er\u00f6ffnung, offizieller Teil und Rundgang im \u201eUkrainischen Haus\u201c<\/div>\n<div dir=\"auto\">11:00 Uhr \u2013 16:00 Uhr: Besichtigungsm\u00f6glichkeit der Ausstellung von Gem\u00e4lden ukrainischer K\u00fcnstler<\/div>\n<div dir=\"auto\">16:00 Uhr \u2013 19:00 Uhr: Konzertprogramm<\/div>\n<\/div>\n<div class=\"x11i5rnm xat24cr x1mh8g0r x1vvkbs xtlvy1s x126k92a\">\n<div dir=\"auto\">Auch wir sind neugierig auf Sie. Wir w\u00fcrden uns freuen Sie kennen zu lernen, sich mit Ihnen auszutauschen, Ihre Ideen und Vorschl\u00e4ge zu erfahren und bestenfalls Ankn\u00fcpfungspunkte f\u00fcr eine gemeinsame Zusammenarbeit zu finden. Das \u201eUkrainische Haus\u201c wird zwar umh\u00fcllt von den Farben Blau und Gelb ist jedoch im Inneren bunt und offen f\u00fcr alle Farben aller Kulturen.<\/div>\n<\/div>\n<div class=\"x11i5rnm xat24cr x1mh8g0r x1vvkbs xtlvy1s x126k92a\">\n<div dir=\"auto\">Wir freuen uns auf Ihr Kommen!<\/div>\n<\/div>\n<div class=\"x11i5rnm xat24cr x1mh8g0r x1vvkbs xtlvy1s x126k92a\">\n<div dir=\"auto\"><\/div>\n<div dir=\"auto\">Sollten Sie es jedoch nicht schaffen \u2013 freuen wir uns \u00fcber Ihren Besuch auf unserer Website <a class=\"x1i10hfl xjbqb8w x6umtig x1b1mbwd xaqea5y xav7gou x9f619 x1ypdohk xt0psk2 xe8uvvx xdj266r x11i5rnm xat24cr x1mh8g0r xexx8yu x4uap5 x18d9i69 xkhd6sd x16tdsg8 x1hl2dhg xggy1nq x1a2a7pz xt0b8zv x1fey0fg\" tabindex=\"0\" role=\"link\" href=\"https:\/\/l.facebook.com\/l.php?u=https%3A%2F%2Fplattform-dresden.de%2F%3Ffbclid%3DIwAR38daD4pkZKP39IO6RTfbfjdzVttCVevdvzvQzz8VAYj_buqMIqqRSAYcs&#038;h=AT0dzJ8J1vO6hSauADmMNg7EPwy5j34lFWiRmi0vpvz6WySpN99K2s8vG-KK2oJF9b-IFg6S2W_qbMRBiO_cF5WKYvxGn1J5g50i2Bv009UoPkrZEmR-64BLubzqP0krX0o920oT4MQGyYNRj-j4&#038;__tn__=-UK-R&#038;c[0]=AT2CaDrygUpm5-g4SepuOUtGfe291YM9WCNGhilacDPJOVv5LJ_ZrYtezpH9m-oXffHiHQ_skUst-g_Guh3LEuLF35IQS8k9gwzIDytjqucDuwwk7F_yK0_WUiLLLnsWxHlQ9ETEEoqhqBXzQ7iASW_bz3Cr-_UlQ1iM0gO00NG98gwOPw2uBwrCY6PerdUm09bhlrvmBR4acxj8SIGI-CbrGaJMC2NNRXI\" target=\"_blank\" rel=\"nofollow noopener\">https:\/\/plattform-dresden.de\/<\/a> , Facebook-Seite <a href=\"https:\/\/www.facebook.com\/plattformdresden\">https:\/\/www.facebook.com\/plattformdresden<\/a> und Instagram-Seite <a class=\"x1i10hfl xjbqb8w x6umtig x1b1mbwd xaqea5y xav7gou x9f619 x1ypdohk xt0psk2 xe8uvvx xdj266r x11i5rnm xat24cr x1mh8g0r xexx8yu x4uap5 x18d9i69 xkhd6sd x16tdsg8 x1hl2dhg xggy1nq x1a2a7pz xt0b8zv x1fey0fg\" tabindex=\"0\" role=\"link\" href=\"https:\/\/www.instagram.com\/ukrhaus_dresden\/?fbclid=IwAR0T950zx8DN2JSD9L_znnMyQxcYc3PpknYDcIOrZPjCKlTK6Esn9O3GO_o\" target=\"_blank\" rel=\"nofollow noopener\">https:\/\/www.instagram.com\/ukrhaus_dresden\/<\/a><\/div>\n<\/div>\n<div dir=\"auto\"><\/div>\n<div dir=\"auto\">Gef\u00f6rdert durch <a href=\"https:\/\/www.deutsche-stiftung-engagement-und-ehrenamt.de\/\">deustche Stiftung f\u00fcr Engagement und Ehrenamt<\/a><\/div>\n<div dir=\"auto\"><\/div>\n<div dir=\"auto\"><img loading=\"lazy\" decoding=\"async\" class=\"alignnone size-full wp-image-3091\" src=\"https:\/\/plattform-dresden.de\/wp-content\/uploads\/2022\/11\/312309177_206413201821521_7539546154261411922_n.jpg\" alt=\"\" width=\"525\" height=\"600\" srcset=\"https:\/\/plattform-dresden.de\/wp-content\/uploads\/2022\/11\/312309177_206413201821521_7539546154261411922_n.jpg 525w, https:\/\/plattform-dresden.de\/wp-content\/uploads\/2022\/11\/312309177_206413201821521_7539546154261411922_n-263x300.jpg 263w, https:\/\/plattform-dresden.de\/wp-content\/uploads\/2022\/11\/312309177_206413201821521_7539546154261411922_n-44x50.jpg 44w\" sizes=\"auto, (max-width: 525px) 100vw, 525px\" \/><\/div>\n","protected":false},"excerpt":{"rendered":"<p>Das \u201eUkrainische Haus\u201c ist ein Ort der Zusammenkunft, der Kreativit\u00e4t und des Erschaffens. Ein Ort an dem Projekte entstehen, zum Leben erweckt und fortentwickelt werden. Ein Ort an dem die deutsche, ukrainische und alle weiteren Kulturen zum Austausch kommen sollen. Ein Ort an dem f\u00fcr Klein und Gro\u00df ein Angebot besteht, um einander und die &hellip; <a href=\"https:\/\/plattform-dresden.de\/ua\/tag-der-offenen-tur-im-ukrainischen-haus\/\">Continued<\/a><\/p>\n","protected":false},"author":4,"featured_media":0,"comment_status":"open","ping_status":"open","sticky":false,"template":"","format":"standard","meta":{"_price":"","_stock":"","_tribe_ticket_header":"","_tribe_default_ticket_provider":"","_tribe_ticket_capacity":"","_ticket_start_date":"","_ticket_end_date":"","_tribe_ticket_show_description":"","_tribe_ticket_show_not_going":false,"_tribe_ticket_use_global_stock":"","_tribe_ticket_global_stock_level":"","_global_stock_mode":"","_global_stock_cap":"","_tribe_rsvp_for_event":"","_tribe_ticket_going_count":"","_tribe_ticket_not_going_count":"","_tribe_tickets_list":"[]","_tribe_ticket_has_attendee_info_fields":false,"footnotes":""},"categories":[24],"tags":[],"class_list":["post-3090","post","type-post","status-publish","format-standard","hentry","category-event"],"aioseo_notices":[],"_links":{"self":[{"href":"https:\/\/plattform-dresden.de\/ua\/wp-json\/wp\/v2\/posts\/3090","targetHints":{"allow":["GET"]}}],"collection":[{"href":"https:\/\/plattform-dresden.de\/ua\/wp-json\/wp\/v2\/posts"}],"about":[{"href":"https:\/\/plattform-dresden.de\/ua\/wp-json\/wp\/v2\/types\/post"}],"author":[{"embeddable":true,"href":"https:\/\/plattform-dresden.de\/ua\/wp-json\/wp\/v2\/users\/4"}],"replies":[{"embeddable":true,"href":"https:\/\/plattform-dresden.de\/ua\/wp-json\/wp\/v2\/comments?post=3090"}],"version-history":[{"count":8,"href":"https:\/\/plattform-dresden.de\/ua\/wp-json\/wp\/v2\/posts\/3090\/revisions"}],"predecessor-version":[{"id":3099,"href":"https:\/\/plattform-dresden.de\/ua\/wp-json\/wp\/v2\/posts\/3090\/revisions\/3099"}],"wp:attachment":[{"href":"https:\/\/plattform-dresden.de\/ua\/wp-json\/wp\/v2\/media?parent=3090"}],"wp:term":[{"taxonomy":"category","embeddable":true,"href":"https:\/\/plattform-dresden.de\/ua\/wp-json\/wp\/v2\/categories?post=3090"},{"taxonomy":"post_tag","embeddable":true,"href":"https:\/\/plattform-dresden.de\/ua\/wp-json\/wp\/v2\/tags?post=3090"}],"curies":[{"name":"wp","href":"https:\/\/api.w.org\/{rel}","templated":true}]}}